{"id":8012,"date":"2021-03-03T12:00:00","date_gmt":"2021-03-03T11:00:00","guid":{"rendered":"https:\/\/bertrandwaucquez.be\/2021\/03\/03\/agora-multi-purpose-hall-2020-2021\/"},"modified":"2024-04-03T00:03:07","modified_gmt":"2024-04-02T22:03:07","slug":"agora-multi-purpose-hall-2020-2021","status":"publish","type":"post","link":"https:\/\/bertrandwaucquez.be\/en\/2021\/03\/03\/agora-multi-purpose-hall-2020-2021\/","title":{"rendered":"AGORA multi-purpose hall (2020-2021)"},"content":{"rendered":"<div class=\"fusion-fullwidth fullwidth-box fusion-builder-row-1 fusion-flex-container nonhundred-percent-fullwidth non-hundred-percent-height-scrolling\" style=\"--awb-border-radius-top-left:0px;--awb-border-radius-top-right:0px;--awb-border-radius-bottom-right:0px;--awb-border-radius-bottom-left:0px;--awb-flex-wrap:wrap;\" ><div class=\"fusion-builder-row fusion-row fusion-flex-align-items-flex-start fusion-flex-content-wrap\" style=\"max-width:1248px;margin-left: calc(-4% \/ 2 );margin-right: calc(-4% \/ 2 );\"><div class=\"fusion-layout-column fusion_builder_column fusion-builder-column-0 fusion_builder_column_1_1 1_1 fusion-flex-column\" style=\"--awb-bg-size:cover;--awb-width-large:100%;--awb-margin-top-large:0px;--awb-spacing-right-large:1.92%;--awb-margin-bottom-large:0px;--awb-spacing-left-large:1.92%;--awb-width-medium:100%;--awb-spacing-right-medium:1.92%;--awb-spacing-left-medium:1.92%;--awb-width-small:100%;--awb-spacing-right-small:1.92%;--awb-spacing-left-small:1.92%;\"><div class=\"fusion-column-wrapper fusion-flex-justify-content-flex-start fusion-content-layout-column\"><div class=\"fusion-text fusion-text-1\"><p><img decoding=\"async\" src=\"https:\/\/bertrandwaucquez.be\/wp-content\/uploads\/2021\/11\/Agora-inauguration-1024x1024.jpg\" sizes=\"(max-width: 1024px) 100vw, 1024px\" srcset=\"https:\/\/bertrandwaucquez.be\/wp-content\/uploads\/2021\/11\/Agora-inauguration-1024x1024.jpg 1024w, https:\/\/bertrandwaucquez.be\/wp-content\/uploads\/2021\/11\/Agora-inauguration-300x300.jpg 300w, https:\/\/bertrandwaucquez.be\/wp-content\/uploads\/2021\/11\/Agora-inauguration-150x150.jpg 150w, https:\/\/bertrandwaucquez.be\/wp-content\/uploads\/2021\/11\/Agora-inauguration-768x768.jpg 768w\" alt=\"\" width=\"1024\" height=\"1024\"><\/p>\n<p><em>September 2020<\/em><\/p>\n<h3>The Agora: a friendly, green building!<\/h3>\n<p><strong>A festive moment in Kraainem on Sunday, September 12!<\/strong><br \/>\nMayor Bertrand Waucquez officially inaugurates the new Agora cultural center (located rue du Patronage, near the sports hall), the construction of which was initiated under the previous legislature and overseen by heritage alderman Johan Forton.<\/p>\n<p>The hoped-for results are definitely there! In addition to the large 180-seat auditorium, foyer and bar, the new building includes several classrooms that can be used by both French- and Dutch-speaking Kraainem associations(1). Several events have already taken place, including the Amiti\u00e9s Musicales film-concert and the bilingual lecture by Martine Kuhn and Colette Storms on the Cit\u00e9-jardin Bouvier-Washer (Discover Kraainem). Others are planned: from the end of November, the Th\u00e9\u00e2tre Royal des Parenth\u00e8ses troupe will perform the famous play &#8220;Le Mariage de Mademoiselle Beulemans&#8221;. Businesses and private individuals can also rent the various modules, thus expanding the range of rooms available in the commune!<\/p>\n<p>What&#8217;s more, the Agora is a green building! The cooling system (essential in the auditorium, for example) makes ingenious use of spring water, which spontaneously gushes into the grounds of a business on avenue Dezangr\u00e9. The installation of pumps and ducts has eliminated the need for an energy-intensive, costly and noisy air conditioning system. The technique used is a win-win situation for the municipality: economical, healthy and sustainable!<\/p>\n<p><em>September 2019<\/em><\/p>\n<h3>A new multi-purpose hall in Kraainem<\/h3>\n<p>Construction of the new multi-purpose hall next to the sports hall on rue du Patronage began in the spring. By 2020, the town&#8217;s cultural associations (theater, music, art workshops, etc.) will be able to benefit from a brand new infrastructure for their activities, including a 180-seat auditorium. For its part, the Foyer du Lijsterbes reopens its doors in September, good news for the launch of the 2019-2020 cultural season (see program at<a href=\"https:\/\/www.delijsterbes.be\" target=\"_blank\" rel=\"noopener\"> www.delijsterbes.be)<\/a> and for entertainment in the neighborhood, which has already benefited from the reopening of the New Inn in June.<\/p>\n<\/div><div class=\"fusion-image-carousel fusion-image-carousel-auto fusion-image-carousel-1 fusion-carousel-border\"><div class=\"awb-carousel awb-swiper awb-swiper-carousel awb-carousel--carousel awb-swiper-dots-position-bottom\" data-layout=\"carousel\" data-autoplay=\"no\" data-autoplayspeed=\"2500\" data-autoplaypause=\"no\" data-columns=\"3\" data-columnsmedium=\"1\" data-columnssmall=\"1\" data-itemmargin=\"20\" data-itemwidth=\"180\" data-touchscroll=\"no\" data-freemode=\"no\" data-imagesize=\"auto\" data-scrollitems=\"0\" data-centeredslides=\"no\" data-rotationangle=\"50\" data-depth=\"100\" data-speed=\"500\" data-shadow=\"no\" data-pagination=\"bullets\" style=\"--awb-columns:3;--awb-column-spacing:20px;--awb-border-width:1px;--awb-border-color:#e9eaee;\"><div class=\"swiper-wrapper awb-image-carousel-wrapper fusion-flex-align-items-center\"><div class=\"swiper-slide\"><div class=\"fusion-carousel-item-wrapper\"><div class=\"fusion-image-wrapper hover-type-none\"><img decoding=\"async\" width=\"2560\" height=\"1920\" src=\"https:\/\/bertrandwaucquez.be\/wp-content\/uploads\/2022\/02\/Agora-2-scaled.jpg\" class=\"attachment-full size-full\" alt=\"\" \/><\/div><\/div><\/div><div class=\"swiper-slide\"><div class=\"fusion-carousel-item-wrapper\"><div class=\"fusion-image-wrapper hover-type-none\"><img decoding=\"async\" width=\"1504\" height=\"2016\" src=\"https:\/\/bertrandwaucquez.be\/wp-content\/uploads\/2022\/02\/salle-AGORA.jpg\" class=\"attachment-full size-full\" alt=\"\" \/><\/div><\/div><\/div><div class=\"swiper-slide\"><div class=\"fusion-carousel-item-wrapper\"><div class=\"fusion-image-wrapper hover-type-none\"><img decoding=\"async\" width=\"2040\" height=\"1530\" src=\"https:\/\/bertrandwaucquez.be\/wp-content\/uploads\/2022\/02\/Salle-AGORA-9.jpg\" class=\"attachment-full size-full\" alt=\"\" \/><\/div><\/div><\/div><div class=\"swiper-slide\"><div class=\"fusion-carousel-item-wrapper\"><div class=\"fusion-image-wrapper hover-type-none\"><img decoding=\"async\" width=\"1512\" height=\"2016\" src=\"https:\/\/bertrandwaucquez.be\/wp-content\/uploads\/2022\/02\/Salle-AGORA-8.jpg\" class=\"attachment-full size-full\" alt=\"\" \/><\/div><\/div><\/div><div class=\"swiper-slide\"><div class=\"fusion-carousel-item-wrapper\"><div class=\"fusion-image-wrapper hover-type-none\"><img decoding=\"async\" width=\"1504\" height=\"2016\" src=\"https:\/\/bertrandwaucquez.be\/wp-content\/uploads\/2022\/02\/Salle-AGORA-7.jpg\" class=\"attachment-full size-full\" alt=\"\" \/><\/div><\/div><\/div><div class=\"swiper-slide\"><div class=\"fusion-carousel-item-wrapper\"><div class=\"fusion-image-wrapper hover-type-none\"><img decoding=\"async\" width=\"2016\" height=\"1512\" src=\"https:\/\/bertrandwaucquez.be\/wp-content\/uploads\/2022\/02\/Salle-AGORA-6.jpg\" class=\"attachment-full size-full\" alt=\"\" \/><\/div><\/div><\/div><div class=\"swiper-slide\"><div class=\"fusion-carousel-item-wrapper\"><div class=\"fusion-image-wrapper hover-type-none\"><img decoding=\"async\" width=\"2016\" height=\"1512\" src=\"https:\/\/bertrandwaucquez.be\/wp-content\/uploads\/2022\/02\/Salle-AGORA-5.jpg\" class=\"attachment-full size-full\" alt=\"\" \/><\/div><\/div><\/div><div class=\"swiper-slide\"><div class=\"fusion-carousel-item-wrapper\"><div class=\"fusion-image-wrapper hover-type-none\"><img decoding=\"async\" width=\"1504\" height=\"2016\" src=\"https:\/\/bertrandwaucquez.be\/wp-content\/uploads\/2022\/02\/Salle-AGORA-4.jpg\" class=\"attachment-full size-full\" alt=\"\" \/><\/div><\/div><\/div><\/div><div class=\"awb-swiper-button awb-swiper-button-prev\"><i class=\"awb-icon-angle-left\" aria-hidden=\"true\"><\/i><\/div><div class=\"awb-swiper-button awb-swiper-button-next\"><i class=\"awb-icon-angle-right\" aria-hidden=\"true\"><\/i><\/div><\/div><\/div><\/div><\/div><\/div><\/div>\n","protected":false},"excerpt":{"rendered":"","protected":false},"author":5,"featured_media":10463,"comment_status":"closed","ping_status":"closed","sticky":false,"template":"","format":"standard","meta":{"footnotes":""},"categories":[198,184,178],"tags":[204,205],"class_list":["post-8012","post","type-post","status-publish","format-standard","has-post-thumbnail","hentry","category-culture-sports-events-animals","category-heritage-urban-planning","category-security","tag-heritage","tag-multi-purpose-hall"],"_links":{"self":[{"href":"https:\/\/bertrandwaucquez.be\/en\/wp-json\/wp\/v2\/posts\/8012","targetHints":{"allow":["GET"]}}],"collection":[{"href":"https:\/\/bertrandwaucquez.be\/en\/wp-json\/wp\/v2\/posts"}],"about":[{"href":"https:\/\/bertrandwaucquez.be\/en\/wp-json\/wp\/v2\/types\/post"}],"author":[{"embeddable":true,"href":"https:\/\/bertrandwaucquez.be\/en\/wp-json\/wp\/v2\/users\/5"}],"replies":[{"embeddable":true,"href":"https:\/\/bertrandwaucquez.be\/en\/wp-json\/wp\/v2\/comments?post=8012"}],"version-history":[{"count":8,"href":"https:\/\/bertrandwaucquez.be\/en\/wp-json\/wp\/v2\/posts\/8012\/revisions"}],"predecessor-version":[{"id":10468,"href":"https:\/\/bertrandwaucquez.be\/en\/wp-json\/wp\/v2\/posts\/8012\/revisions\/10468"}],"wp:featuredmedia":[{"embeddable":true,"href":"https:\/\/bertrandwaucquez.be\/en\/wp-json\/wp\/v2\/media\/10463"}],"wp:attachment":[{"href":"https:\/\/bertrandwaucquez.be\/en\/wp-json\/wp\/v2\/media?parent=8012"}],"wp:term":[{"taxonomy":"category","embeddable":true,"href":"https:\/\/bertrandwaucquez.be\/en\/wp-json\/wp\/v2\/categories?post=8012"},{"taxonomy":"post_tag","embeddable":true,"href":"https:\/\/bertrandwaucquez.be\/en\/wp-json\/wp\/v2\/tags?post=8012"}],"curies":[{"name":"wp","href":"https:\/\/api.w.org\/{rel}","templated":true}]}}